{"id":3602,"date":"2017-05-20T09:32:49","date_gmt":"2017-05-20T07:32:49","guid":{"rendered":"https:\/\/www.lereveil.lu\/v7\/?p=3602"},"modified":"2017-05-22T09:33:04","modified_gmt":"2017-05-22T07:33:04","slug":"nuit-du-sport-2017","status":"publish","type":"post","link":"https:\/\/www.lereveil.lu\/v7\/2017\/05\/20\/nuit-du-sport-2017\/","title":{"rendered":"Nuit du Sport 2017"},"content":{"rendered":"<p>Den Ver\u00e4in war wei d\u00e9i Lescht Joeren och er\u00ebm op der Nuit du Sport aktiv mat engem Gedr\u00e9nks Stand an der Akkrobunn. Merci vun d\u00e9i Leit d\u00e9i do Tatkr\u00e4fteg gehollef hunn \ud83d\ude42<\/p>\n<div id=\"jig1\" class=\"justified-image-grid jig-443a40fc07dcf6472e0cee8629ddae63 jig-preset-global jig-source-flickr\"><div class=\"jig-clearfix\"><\/div><noscript id=\"jig1-html\" class=\"justified-image-grid-html\" data-lazy-src=\"skiplazyload\" data-src=\"skipunveillazyload\"><ul><li><a href=\"https:\/\/live.staticflickr.com\/4174\/34430087740_f2864826d8_b.jpg\" title=\"34430087740_f2864826d8_b\"><img decoding=\"async\" src=\"https:\/\/www.lereveil.lu\/v7\/wp-content\/plugins\/justified-image-grid\/timthumb.php?src=https%3A%2F%2Flive.staticflickr.com%2F4174%2F34430087740_f2864826d8_c.jpg&amp;h=230&amp;q=90&amp;f=.jpg\" alt=\"18556176_10158652791325697_7668903451957099281_n\" width=\"129\" height=\"230\" \/><\/a><p class=\"jig-HTMLdescription\">18556176_10158652791325697_7668903451957099281_n<br\/>34430087740_f2864826d8_b<\/p><\/li><li><a href=\"https:\/\/live.staticflickr.com\/4185\/34430087690_2beb9dfe74_b.jpg\" title=\"34430087690_2beb9dfe74_b\"><img decoding=\"async\" src=\"https:\/\/www.lereveil.lu\/v7\/wp-content\/plugins\/justified-image-grid\/timthumb.php?src=https%3A%2F%2Flive.staticflickr.com%2F4185%2F34430087690_2beb9dfe74_c.jpg&amp;h=230&amp;q=90&amp;f=.jpg\" alt=\"18556348_10158652791170697_3850574153618562652_n\" width=\"172\" height=\"230\" \/><\/a><p class=\"jig-HTMLdescription\">18556348_10158652791170697_3850574153618562652_n<br\/>34430087690_2beb9dfe74_b<\/p><\/li><li><a href=\"https:\/\/live.staticflickr.com\/4275\/34430087620_ef825b36c1_b.jpg\" title=\"34430087620_ef825b36c1_b\"><img decoding=\"async\" src=\"https:\/\/www.lereveil.lu\/v7\/wp-content\/plugins\/justified-image-grid\/timthumb.php?src=https%3A%2F%2Flive.staticflickr.com%2F4275%2F34430087620_ef825b36c1_c.jpg&amp;h=230&amp;q=90&amp;f=.jpg\" alt=\"18620425_10158652791295697_8417029749247285752_n\" width=\"172\" height=\"230\" \/><\/a><p class=\"jig-HTMLdescription\">18620425_10158652791295697_8417029749247285752_n<br\/>34430087620_ef825b36c1_b<\/p><\/li><li><a href=\"https:\/\/live.staticflickr.com\/4244\/34006852743_f1e6677ff3_b.jpg\" title=\"34006852743_f1e6677ff3_b\"><img loading=\"lazy\" decoding=\"async\" src=\"https:\/\/www.lereveil.lu\/v7\/wp-content\/plugins\/justified-image-grid\/timthumb.php?src=https%3A%2F%2Flive.staticflickr.com%2F4244%2F34006852743_f1e6677ff3_b.jpg&amp;h=230&amp;q=90&amp;f=.jpg\" alt=\"18622339_10158652791200697_3086927859041742728_n\" width=\"319\" height=\"230\" \/><\/a><p class=\"jig-HTMLdescription\">18622339_10158652791200697_3086927859041742728_n<br\/>34006852743_f1e6677ff3_b<\/p><\/li><\/ul><\/noscript><\/div>\n<p><img loading=\"lazy\" decoding=\"async\" class=\"alignright wp-image-3603\" src=\"https:\/\/www.lereveil.lu\/v7\/wp-content\/uploads\/2017\/05\/18622339_10158652791200697_3086927859041742728_n.jpg\" alt=\"\" width=\"1\" height=\"1\" srcset=\"https:\/\/www.lereveil.lu\/v7\/wp-content\/uploads\/2017\/05\/18622339_10158652791200697_3086927859041742728_n.jpg 960w, https:\/\/www.lereveil.lu\/v7\/wp-content\/uploads\/2017\/05\/18622339_10158652791200697_3086927859041742728_n-200x267.jpg 200w, https:\/\/www.lereveil.lu\/v7\/wp-content\/uploads\/2017\/05\/18622339_10158652791200697_3086927859041742728_n-100x100.jpg 100w, https:\/\/www.lereveil.lu\/v7\/wp-content\/uploads\/2017\/05\/18622339_10158652791200697_3086927859041742728_n-400x200.jpg 400w, https:\/\/www.lereveil.lu\/v7\/wp-content\/uploads\/2017\/05\/18622339_10158652791200697_3086927859041742728_n-150x150.jpg 150w, https:\/\/www.lereveil.lu\/v7\/wp-content\/uploads\/2017\/05\/18622339_10158652791200697_3086927859041742728_n-300x216.jpg 300w, https:\/\/www.lereveil.lu\/v7\/wp-content\/uploads\/2017\/05\/18622339_10158652791200697_3086927859041742728_n-768x554.jpg 768w, https:\/\/www.lereveil.lu\/v7\/wp-content\/uploads\/2017\/05\/18622339_10158652791200697_3086927859041742728_n-250x250.jpg 250w, https:\/\/www.lereveil.lu\/v7\/wp-content\/uploads\/2017\/05\/18622339_10158652791200697_3086927859041742728_n-750x500.jpg 750w, https:\/\/www.lereveil.lu\/v7\/wp-content\/uploads\/2017\/05\/18622339_10158652791200697_3086927859041742728_n-600x300.jpg 600w, https:\/\/www.lereveil.lu\/v7\/wp-content\/uploads\/2017\/05\/18622339_10158652791200697_3086927859041742728_n-285x214.jpg 285w, https:\/\/www.lereveil.lu\/v7\/wp-content\/uploads\/2017\/05\/18622339_10158652791200697_3086927859041742728_n-174x174.jpg 174w\" sizes=\"(max-width: 1px) 100vw, 1px\" \/><\/p>\n","protected":false},"excerpt":{"rendered":"<p>Den Ver\u00e4in war wei d\u00e9i Lescht Joeren och er\u00ebm op der Nuit du Sport aktiv mat engem Gedr\u00e9nks Stand an der Akkrobunn. Merci vun d\u00e9i Leit d\u00e9i do Tatkr\u00e4fteg gehollef hunn \ud83d\ude42<\/p>\n","protected":false},"author":3,"featured_media":3603,"comment_status":"closed","ping_status":"open","sticky":false,"template":"","format":"standard","meta":{"neve_meta_sidebar":"","neve_meta_container":"","neve_meta_enable_content_width":"","neve_meta_content_width":0,"neve_meta_title_alignment":"","neve_meta_author_avatar":"","neve_post_elements_order":"","neve_meta_disable_header":"","neve_meta_disable_footer":"","neve_meta_disable_title":"","footnotes":""},"categories":[1],"tags":[],"class_list":["post-3602","post","type-post","status-publish","format-standard","has-post-thumbnail","hentry","category-uncategorized"],"_links":{"self":[{"href":"https:\/\/www.lereveil.lu\/v7\/wp-json\/wp\/v2\/posts\/3602","targetHints":{"allow":["GET"]}}],"collection":[{"href":"https:\/\/www.lereveil.lu\/v7\/wp-json\/wp\/v2\/posts"}],"about":[{"href":"https:\/\/www.lereveil.lu\/v7\/wp-json\/wp\/v2\/types\/post"}],"author":[{"embeddable":true,"href":"https:\/\/www.lereveil.lu\/v7\/wp-json\/wp\/v2\/users\/3"}],"replies":[{"embeddable":true,"href":"https:\/\/www.lereveil.lu\/v7\/wp-json\/wp\/v2\/comments?post=3602"}],"version-history":[{"count":1,"href":"https:\/\/www.lereveil.lu\/v7\/wp-json\/wp\/v2\/posts\/3602\/revisions"}],"predecessor-version":[{"id":3604,"href":"https:\/\/www.lereveil.lu\/v7\/wp-json\/wp\/v2\/posts\/3602\/revisions\/3604"}],"wp:featuredmedia":[{"embeddable":true,"href":"https:\/\/www.lereveil.lu\/v7\/wp-json\/wp\/v2\/media\/3603"}],"wp:attachment":[{"href":"https:\/\/www.lereveil.lu\/v7\/wp-json\/wp\/v2\/media?parent=3602"}],"wp:term":[{"taxonomy":"category","embeddable":true,"href":"https:\/\/www.lereveil.lu\/v7\/wp-json\/wp\/v2\/categories?post=3602"},{"taxonomy":"post_tag","embeddable":true,"href":"https:\/\/www.lereveil.lu\/v7\/wp-json\/wp\/v2\/tags?post=3602"}],"curies":[{"name":"wp","href":"https:\/\/api.w.org\/{rel}","templated":true}]}}