{"id":4385,"date":"2020-08-26T13:47:05","date_gmt":"2020-08-26T11:47:05","guid":{"rendered":"https:\/\/www.lereveil.lu\/v7\/?p=4385"},"modified":"2020-09-10T16:57:38","modified_gmt":"2020-09-10T14:57:38","slug":"saison-2020-2021","status":"publish","type":"post","link":"https:\/\/www.lereveil.lu\/v7\/2020\/08\/26\/saison-2020-2021\/","title":{"rendered":"Saison 2020\/2021"},"content":{"rendered":"\n<p>Butzenturnen: samedi de 09.30-11.00 au Hall 1<br>1<sup>er<\/sup> entra\u00eenement le 3 octobre 2020<\/p>\n\n\n\n<p>Pr\u00e9scolaire : samedi de 10.00-11.30 au Hall 1<br>1<sup>er<\/sup> entra\u00eenement le 19 septembre 2020<\/p>\n\n\n\n<p>Loisir Primaire Mini: lundi de 16.30-18.00 au Hall 1<br>1<sup>er<\/sup> entra\u00eenement le 21 septembre 2020<\/p>\n\n\n\n<p>Loisir Primaire Junior: lundi de 17.00-19.00 au Hall 3 (salle de tennis de table)<br>1<sup>er<\/sup> entra\u00eenement le 21 septembre 2020<\/p>\n\n\n\n<p>Parents et B\u00e9b\u00e9: Mercredi de 09:00 &#8211; 10:00 <br>1<sup>er<\/sup> entra\u00eenement le 23 septembre 2020<\/p>\n\n\n\n<p>Suite aux restrictions sanitaires actuelles, d\u00fb au COVID-19, nous sommes oblig\u00e9s de d\u00e9buter la saison 2020-2021 dans de plus petits groupes et, le cas \u00e9ch\u00e9ant, dans diff\u00e9rentes salles. <strong>Ceci implique malheureusement qu&#8217;on n&#8217;accepte temporairement plus de nouvelles inscriptions.<\/strong> (pas d&#8217;inscription non plus lors du premier entra\u00eenement)<\/p>\n\n\n\n<p>Pour d&#8217;\u00e9ventuelles adaptions, veuillez bien consulter notre site internet r\u00e9guli\u00e8rement.<\/p>\n","protected":false},"excerpt":{"rendered":"<p>Butzenturnen: samedi de 09.30-11.00 au Hall 11er entra\u00eenement le 3 octobre 2020 Pr\u00e9scolaire : samedi de 10.00-11.30 au Hall 11er entra\u00eenement le 19 septembre 2020 Loisir Primaire Mini: lundi de 16.30-18.00 au Hall 11er entra\u00eenement le 21 septembre 2020 Loisir Primaire Junior: lundi de 17.00-19.00 au Hall 3 (salle de tennis de table)1er entra\u00eenement le&hellip;&nbsp;<a href=\"https:\/\/www.lereveil.lu\/v7\/2020\/08\/26\/saison-2020-2021\/\" rel=\"bookmark\"><span class=\"screen-reader-text\">Saison 2020\/2021<\/span><\/a><\/p>\n","protected":false},"author":3,"featured_media":19,"comment_status":"closed","ping_status":"open","sticky":false,"template":"","format":"standard","meta":{"neve_meta_sidebar":"","neve_meta_container":"","neve_meta_enable_content_width":"","neve_meta_content_width":0,"neve_meta_title_alignment":"","neve_meta_author_avatar":"","neve_post_elements_order":"","neve_meta_disable_header":"","neve_meta_disable_footer":"","neve_meta_disable_title":"","footnotes":""},"categories":[1],"tags":[],"class_list":["post-4385","post","type-post","status-publish","format-standard","has-post-thumbnail","hentry","category-uncategorized"],"_links":{"self":[{"href":"https:\/\/www.lereveil.lu\/v7\/wp-json\/wp\/v2\/posts\/4385","targetHints":{"allow":["GET"]}}],"collection":[{"href":"https:\/\/www.lereveil.lu\/v7\/wp-json\/wp\/v2\/posts"}],"about":[{"href":"https:\/\/www.lereveil.lu\/v7\/wp-json\/wp\/v2\/types\/post"}],"author":[{"embeddable":true,"href":"https:\/\/www.lereveil.lu\/v7\/wp-json\/wp\/v2\/users\/3"}],"replies":[{"embeddable":true,"href":"https:\/\/www.lereveil.lu\/v7\/wp-json\/wp\/v2\/comments?post=4385"}],"version-history":[{"count":3,"href":"https:\/\/www.lereveil.lu\/v7\/wp-json\/wp\/v2\/posts\/4385\/revisions"}],"predecessor-version":[{"id":4425,"href":"https:\/\/www.lereveil.lu\/v7\/wp-json\/wp\/v2\/posts\/4385\/revisions\/4425"}],"wp:featuredmedia":[{"embeddable":true,"href":"https:\/\/www.lereveil.lu\/v7\/wp-json\/wp\/v2\/media\/19"}],"wp:attachment":[{"href":"https:\/\/www.lereveil.lu\/v7\/wp-json\/wp\/v2\/media?parent=4385"}],"wp:term":[{"taxonomy":"category","embeddable":true,"href":"https:\/\/www.lereveil.lu\/v7\/wp-json\/wp\/v2\/categories?post=4385"},{"taxonomy":"post_tag","embeddable":true,"href":"https:\/\/www.lereveil.lu\/v7\/wp-json\/wp\/v2\/tags?post=4385"}],"curies":[{"name":"wp","href":"https:\/\/api.w.org\/{rel}","templated":true}]}}