{"id":4462,"date":"2021-07-13T09:25:32","date_gmt":"2021-07-13T07:25:32","guid":{"rendered":"https:\/\/www.lereveil.lu\/v7\/?p=4462"},"modified":"2021-07-14T08:56:36","modified_gmt":"2021-07-14T06:56:36","slug":"summerfest-17-07-2021","status":"publish","type":"post","link":"https:\/\/www.lereveil.lu\/v7\/2021\/07\/13\/summerfest-17-07-2021\/","title":{"rendered":"Summerfest 17\/07\/2021"},"content":{"rendered":"\n<p>Covid-Check event<\/p>\n\n\n\n<p>Afin d&#8217;\u00eatre en conformit\u00e9 avec les r\u00e8gles Covid, l&#8217;\u00e9v\u00e9nement sera divis\u00e9 en 3 p\u00e9riodes distinctes.<\/p>\n\n\n\n<ul class=\"wp-block-list\"><li>11h00-13h30 d\u00e9monstration de:<ul><li>Loisir pr\u00e9scolaire<\/li><li>Loisir Minis<\/li><li>Mini f\u00e9minis C<\/li><\/ul><\/li><li>14h00-16h30 d\u00e9monstration de:<ul><li>Juniors Loisir<\/li><li>Juniors f\u00e9minis C<\/li><li>Mini f\u00e9minis B<\/li><\/ul><\/li><li>17h00-19h30 d\u00e9monstration de:<ul><li>Juniors f\u00e9minis B<\/li><li>Minis et Juniors A<\/li><li>Juniors masculins A\/B\/C<\/li><li>Seniors f\u00e9minis et masculins<\/li><\/ul><\/li><li>20h00-22h30<\/li><\/ul>\n\n\n\n<p>Entre les p\u00e9riodes, tout le monde doit quitter les lieux et les tables sont d\u00e9sinfect\u00e9es.<\/p>\n\n\n\n<p>Il est possible de s&#8217;inscrir pour plusieurs p\u00e9riodes<\/p>\n\n\n\n<p>Tout le monde est invit\u00e9 \u00e0 prendre un ou plusieurs billets, y compris les enfants participants.<\/p>\n\n\n\n<p>Enregistrer sous <a href=\"https:\/\/pretix.eu\/lrb\/summerfest-2021\/\">https:\/\/pretix.eu\/lrb\/summerfest-2021\/<\/a> (gratuit)<\/p>\n","protected":false},"excerpt":{"rendered":"<p>Covid-Check event Afin d&#8217;\u00eatre en conformit\u00e9 avec les r\u00e8gles Covid, l&#8217;\u00e9v\u00e9nement sera divis\u00e9 en 3 p\u00e9riodes distinctes. 11h00-13h30 d\u00e9monstration de: Loisir pr\u00e9scolaire Loisir Minis Mini f\u00e9minis C 14h00-16h30 d\u00e9monstration de: Juniors Loisir Juniors f\u00e9minis C Mini f\u00e9minis B 17h00-19h30 d\u00e9monstration de: Juniors f\u00e9minis B Minis et Juniors A Juniors masculins A\/B\/C Seniors f\u00e9minis et masculins&hellip;&nbsp;<a href=\"https:\/\/www.lereveil.lu\/v7\/2021\/07\/13\/summerfest-17-07-2021\/\" rel=\"bookmark\"><span class=\"screen-reader-text\">Summerfest 17\/07\/2021<\/span><\/a><\/p>\n","protected":false},"author":3,"featured_media":4429,"comment_status":"closed","ping_status":"open","sticky":false,"template":"","format":"standard","meta":{"neve_meta_sidebar":"","neve_meta_container":"","neve_meta_enable_content_width":"","neve_meta_content_width":0,"neve_meta_title_alignment":"","neve_meta_author_avatar":"","neve_post_elements_order":"","neve_meta_disable_header":"","neve_meta_disable_footer":"","neve_meta_disable_title":"","footnotes":""},"categories":[1],"tags":[],"class_list":["post-4462","post","type-post","status-publish","format-standard","has-post-thumbnail","hentry","category-uncategorized"],"_links":{"self":[{"href":"https:\/\/www.lereveil.lu\/v7\/wp-json\/wp\/v2\/posts\/4462","targetHints":{"allow":["GET"]}}],"collection":[{"href":"https:\/\/www.lereveil.lu\/v7\/wp-json\/wp\/v2\/posts"}],"about":[{"href":"https:\/\/www.lereveil.lu\/v7\/wp-json\/wp\/v2\/types\/post"}],"author":[{"embeddable":true,"href":"https:\/\/www.lereveil.lu\/v7\/wp-json\/wp\/v2\/users\/3"}],"replies":[{"embeddable":true,"href":"https:\/\/www.lereveil.lu\/v7\/wp-json\/wp\/v2\/comments?post=4462"}],"version-history":[{"count":5,"href":"https:\/\/www.lereveil.lu\/v7\/wp-json\/wp\/v2\/posts\/4462\/revisions"}],"predecessor-version":[{"id":4471,"href":"https:\/\/www.lereveil.lu\/v7\/wp-json\/wp\/v2\/posts\/4462\/revisions\/4471"}],"wp:featuredmedia":[{"embeddable":true,"href":"https:\/\/www.lereveil.lu\/v7\/wp-json\/wp\/v2\/media\/4429"}],"wp:attachment":[{"href":"https:\/\/www.lereveil.lu\/v7\/wp-json\/wp\/v2\/media?parent=4462"}],"wp:term":[{"taxonomy":"category","embeddable":true,"href":"https:\/\/www.lereveil.lu\/v7\/wp-json\/wp\/v2\/categories?post=4462"},{"taxonomy":"post_tag","embeddable":true,"href":"https:\/\/www.lereveil.lu\/v7\/wp-json\/wp\/v2\/tags?post=4462"}],"curies":[{"name":"wp","href":"https:\/\/api.w.org\/{rel}","templated":true}]}}