{"id":5228,"date":"2022-12-02T08:46:10","date_gmt":"2022-12-02T07:46:10","guid":{"rendered":"https:\/\/www.lereveil.lu\/v7\/?p=5228"},"modified":"2022-12-07T14:58:21","modified_gmt":"2022-12-07T13:58:21","slug":"kv-christmas-gymcup-2022","status":"publish","type":"post","link":"https:\/\/www.lereveil.lu\/v7\/2022\/12\/02\/kv-christmas-gymcup-2022\/","title":{"rendered":"KV Christmas GymCup 2022"},"content":{"rendered":"\n<p>Gl\u00e4ich ass et nees souw\u00e4it <img decoding=\"async\" height=\"16\" width=\"16\" alt=\"\ud83d\ude0d\" src=\"https:\/\/static.xx.fbcdn.net\/images\/emoji.php\/v9\/t2\/1\/16\/1f60d.png\"> Eise KV Christmas GymCup steet virun der Dier <img decoding=\"async\" height=\"16\" width=\"16\" alt=\"\u2744\ufe0f\" src=\"https:\/\/static.xx.fbcdn.net\/images\/emoji.php\/v9\/t2e\/1\/16\/2744.png\"><img decoding=\"async\" height=\"16\" width=\"16\" alt=\"\ud83c\udf85\ud83c\udffb\" src=\"https:\/\/static.xx.fbcdn.net\/images\/emoji.php\/v9\/t3\/1\/16\/1f385_1f3fb.png\"><img loading=\"lazy\" decoding=\"async\" height=\"16\" width=\"16\" alt=\"\ud83c\udf84\" src=\"https:\/\/static.xx.fbcdn.net\/images\/emoji.php\/v9\/t7\/1\/16\/1f384.png\"> fir d\u00e9i 23ten K\u00e9ier invit\u00e9iert de Le R\u00e9veil op s\u00e4in internationale Match an der Gymnastique artistique mat vill verschiddenen Natiounen!<\/p>\n\n\n\n<p>10 &amp; 11 Dezember zu Beetebuerg an der Sportshal! <img loading=\"lazy\" decoding=\"async\" height=\"16\" width=\"16\" src=\"https:\/\/static.xx.fbcdn.net\/images\/emoji.php\/v9\/t96\/1\/16\/1f49c.png\" alt=\"\ud83d\udc9c\"><\/p>\n\n\n\n<p><\/p>\n\n\n\n<p><strong>Kv Christmas Gym Cup &#8211; Women artistic gymnastics  Saturday<\/strong><\/p>\n\n\n\n<p>Program:<br>10:00h Beginning of the competition (Poussines and Jeunes Espoirs)<br>14:40h Beginnging of the competition (Benjamines and Open)<br>18:45h Awards ceremony<\/p>\n\n\n\n<p><strong>KV Christmas Gym Cup &#8211; Men\u2018s artistic gymnastics Sunday<\/strong><\/p>\n\n\n\n<p>Program:<br>9:15h Beginning of the competition (Poussins, Benjamins and Minis)<br>13:30h Beginning of the competition (Jeunes Espoirs and Open)<br>16:00h Awards ceremony<\/p>\n\n\n\n<p><a rel=\"noreferrer noopener\" href=\"https:\/\/www.facebook.com\/kvleotards\" target=\"_blank\">KV Leotards<\/a><a href=\"https:\/\/www.facebook.com\/photo\/?fbid=570821388381872&amp;set=a.509099617887383&amp;__cft__[0]=AZVTUTVMUxx8Y-7uey0egmWf-IIKqcLSZbLYe_K2-_YZ02Rsw6QjGRFXyPTS3BxUmsCcYMWRV8mtYyg9gGKz84V-HIOk3wgySLYs2yiFhXVnu0r0riiDMQALdUtOoUquKkYgGDaTRaRnbUgr0cveXCXeaNgAVG3XLFO_txtXJXnSmyJSmaIHlxNobnzu8-nTQJ4&amp;__tn__=EH-R\"><\/a><\/p>\n\n\n\n<figure class=\"wp-block-image size-large\"><img loading=\"lazy\" decoding=\"async\" width=\"724\" height=\"1024\" src=\"https:\/\/www.lereveil.lu\/v7\/wp-content\/uploads\/2022\/12\/Flyer_KVCGC_Sponsoren-1-724x1024.png\" alt=\"\" class=\"wp-image-5229\" srcset=\"https:\/\/www.lereveil.lu\/v7\/wp-content\/uploads\/2022\/12\/Flyer_KVCGC_Sponsoren-1-724x1024.png 724w, https:\/\/www.lereveil.lu\/v7\/wp-content\/uploads\/2022\/12\/Flyer_KVCGC_Sponsoren-1-212x300.png 212w, https:\/\/www.lereveil.lu\/v7\/wp-content\/uploads\/2022\/12\/Flyer_KVCGC_Sponsoren-1-768x1086.png 768w, https:\/\/www.lereveil.lu\/v7\/wp-content\/uploads\/2022\/12\/Flyer_KVCGC_Sponsoren-1-1086x1536.png 1086w, https:\/\/www.lereveil.lu\/v7\/wp-content\/uploads\/2022\/12\/Flyer_KVCGC_Sponsoren-1.png 1240w\" sizes=\"(max-width: 724px) 100vw, 724px\" \/><\/figure>\n","protected":false},"excerpt":{"rendered":"<p>Gl\u00e4ich ass et nees souw\u00e4it Eise KV Christmas GymCup steet virun der Dier fir d\u00e9i 23ten K\u00e9ier invit\u00e9iert de Le R\u00e9veil op s\u00e4in internationale Match an der Gymnastique artistique mat vill verschiddenen Natiounen! 10 &amp; 11 Dezember zu Beetebuerg an der Sportshal! Kv Christmas Gym Cup &#8211; Women artistic gymnastics Saturday Program:10:00h Beginning of the&hellip;&nbsp;<a href=\"https:\/\/www.lereveil.lu\/v7\/2022\/12\/02\/kv-christmas-gymcup-2022\/\" rel=\"bookmark\"><span class=\"screen-reader-text\">KV Christmas GymCup 2022<\/span><\/a><\/p>\n","protected":false},"author":3,"featured_media":5229,"comment_status":"closed","ping_status":"open","sticky":false,"template":"","format":"standard","meta":{"neve_meta_sidebar":"","neve_meta_container":"","neve_meta_enable_content_width":"","neve_meta_content_width":0,"neve_meta_title_alignment":"","neve_meta_author_avatar":"","neve_post_elements_order":"","neve_meta_disable_header":"","neve_meta_disable_footer":"","neve_meta_disable_title":"","footnotes":""},"categories":[1],"tags":[],"class_list":["post-5228","post","type-post","status-publish","format-standard","has-post-thumbnail","hentry","category-uncategorized"],"_links":{"self":[{"href":"https:\/\/www.lereveil.lu\/v7\/wp-json\/wp\/v2\/posts\/5228","targetHints":{"allow":["GET"]}}],"collection":[{"href":"https:\/\/www.lereveil.lu\/v7\/wp-json\/wp\/v2\/posts"}],"about":[{"href":"https:\/\/www.lereveil.lu\/v7\/wp-json\/wp\/v2\/types\/post"}],"author":[{"embeddable":true,"href":"https:\/\/www.lereveil.lu\/v7\/wp-json\/wp\/v2\/users\/3"}],"replies":[{"embeddable":true,"href":"https:\/\/www.lereveil.lu\/v7\/wp-json\/wp\/v2\/comments?post=5228"}],"version-history":[{"count":3,"href":"https:\/\/www.lereveil.lu\/v7\/wp-json\/wp\/v2\/posts\/5228\/revisions"}],"predecessor-version":[{"id":5239,"href":"https:\/\/www.lereveil.lu\/v7\/wp-json\/wp\/v2\/posts\/5228\/revisions\/5239"}],"wp:featuredmedia":[{"embeddable":true,"href":"https:\/\/www.lereveil.lu\/v7\/wp-json\/wp\/v2\/media\/5229"}],"wp:attachment":[{"href":"https:\/\/www.lereveil.lu\/v7\/wp-json\/wp\/v2\/media?parent=5228"}],"wp:term":[{"taxonomy":"category","embeddable":true,"href":"https:\/\/www.lereveil.lu\/v7\/wp-json\/wp\/v2\/categories?post=5228"},{"taxonomy":"post_tag","embeddable":true,"href":"https:\/\/www.lereveil.lu\/v7\/wp-json\/wp\/v2\/tags?post=5228"}],"curies":[{"name":"wp","href":"https:\/\/api.w.org\/{rel}","templated":true}]}}