{"id":5722,"date":"2023-10-23T20:40:00","date_gmt":"2023-10-23T18:40:00","guid":{"rendered":"https:\/\/www.lereveil.lu\/v7\/?p=5722"},"modified":"2023-11-05T21:47:06","modified_gmt":"2023-11-05T20:47:06","slug":"reka-gym-challange-19-novembre-2023","status":"publish","type":"post","link":"https:\/\/www.lereveil.lu\/v7\/2023\/10\/23\/reka-gym-challange-19-novembre-2023\/","title":{"rendered":"reka Gym Challenge 19 Novembre 2023"},"content":{"rendered":"\n<p>Ce challenge convivial et amical s\u2019adresse aux gymnastes de la cat\u00e9gorie \u00ab minis f\u00e9minins \u00bb et fonctionne par ateliers d\u2019exigences techniques et physiques. Il sert comme pr\u00e9paration aux diverses comp\u00e9titions et \u00e9preuves \u00e0 venir au cours de la saison.<\/p>\n\n\n\n<p>Le challenge regroupe 2 comp\u00e9titions distinctes :<br><br><strong>Comp\u00e9tition 1<\/strong> : gymnastes d\u00e9butantes avec un maximum de 4 heures d\u2019entra\u00eenement par semaine.<br>\u00c9chauffement g\u00e9n\u00e9ral : 13.00h <br>D\u00e9but du concours : 13.30h<\/p>\n\n\n\n<p><strong>Comp\u00e9tition 2<\/strong> : gymnastes avanc\u00e9es avec plus de 4 heures d\u2019entra\u00eenement par semaine. <br>\u00c9chauffement g\u00e9n\u00e9ral : 15.30h<br>D\u00e9but du concours : 16.00h<\/p>\n\n\n\n<figure class=\"wp-block-image size-large\"><img fetchpriority=\"high\" decoding=\"async\" width=\"1024\" height=\"1024\" src=\"https:\/\/www.lereveil.lu\/v7\/wp-content\/uploads\/2023\/11\/WhatsApp-Image-2023-11-05-at-21.44.55-1024x1024.jpeg\" alt=\"\" class=\"wp-image-5763\" srcset=\"https:\/\/www.lereveil.lu\/v7\/wp-content\/uploads\/2023\/11\/WhatsApp-Image-2023-11-05-at-21.44.55-1024x1024.jpeg 1024w, https:\/\/www.lereveil.lu\/v7\/wp-content\/uploads\/2023\/11\/WhatsApp-Image-2023-11-05-at-21.44.55-300x300.jpeg 300w, https:\/\/www.lereveil.lu\/v7\/wp-content\/uploads\/2023\/11\/WhatsApp-Image-2023-11-05-at-21.44.55-150x150.jpeg 150w, https:\/\/www.lereveil.lu\/v7\/wp-content\/uploads\/2023\/11\/WhatsApp-Image-2023-11-05-at-21.44.55-768x768.jpeg 768w, https:\/\/www.lereveil.lu\/v7\/wp-content\/uploads\/2023\/11\/WhatsApp-Image-2023-11-05-at-21.44.55.jpeg 1080w\" sizes=\"(max-width: 1024px) 100vw, 1024px\" \/><\/figure>\n","protected":false},"excerpt":{"rendered":"<p>Ce challenge convivial et amical s\u2019adresse aux gymnastes de la cat\u00e9gorie \u00ab minis f\u00e9minins \u00bb et fonctionne par ateliers d\u2019exigences techniques et physiques. Il sert comme pr\u00e9paration aux diverses comp\u00e9titions et \u00e9preuves \u00e0 venir au cours de la saison. Le challenge regroupe 2 comp\u00e9titions distinctes : Comp\u00e9tition 1 : gymnastes d\u00e9butantes avec un maximum de&hellip;&nbsp;<a href=\"https:\/\/www.lereveil.lu\/v7\/2023\/10\/23\/reka-gym-challange-19-novembre-2023\/\" rel=\"bookmark\"><span class=\"screen-reader-text\">reka Gym Challenge 19 Novembre 2023<\/span><\/a><\/p>\n","protected":false},"author":3,"featured_media":5763,"comment_status":"closed","ping_status":"open","sticky":false,"template":"","format":"standard","meta":{"neve_meta_sidebar":"","neve_meta_container":"","neve_meta_enable_content_width":"","neve_meta_content_width":0,"neve_meta_title_alignment":"","neve_meta_author_avatar":"","neve_post_elements_order":"","neve_meta_disable_header":"","neve_meta_disable_footer":"","neve_meta_disable_title":"","footnotes":""},"categories":[1],"tags":[],"class_list":["post-5722","post","type-post","status-publish","format-standard","has-post-thumbnail","hentry","category-uncategorized"],"_links":{"self":[{"href":"https:\/\/www.lereveil.lu\/v7\/wp-json\/wp\/v2\/posts\/5722","targetHints":{"allow":["GET"]}}],"collection":[{"href":"https:\/\/www.lereveil.lu\/v7\/wp-json\/wp\/v2\/posts"}],"about":[{"href":"https:\/\/www.lereveil.lu\/v7\/wp-json\/wp\/v2\/types\/post"}],"author":[{"embeddable":true,"href":"https:\/\/www.lereveil.lu\/v7\/wp-json\/wp\/v2\/users\/3"}],"replies":[{"embeddable":true,"href":"https:\/\/www.lereveil.lu\/v7\/wp-json\/wp\/v2\/comments?post=5722"}],"version-history":[{"count":4,"href":"https:\/\/www.lereveil.lu\/v7\/wp-json\/wp\/v2\/posts\/5722\/revisions"}],"predecessor-version":[{"id":5766,"href":"https:\/\/www.lereveil.lu\/v7\/wp-json\/wp\/v2\/posts\/5722\/revisions\/5766"}],"wp:featuredmedia":[{"embeddable":true,"href":"https:\/\/www.lereveil.lu\/v7\/wp-json\/wp\/v2\/media\/5763"}],"wp:attachment":[{"href":"https:\/\/www.lereveil.lu\/v7\/wp-json\/wp\/v2\/media?parent=5722"}],"wp:term":[{"taxonomy":"category","embeddable":true,"href":"https:\/\/www.lereveil.lu\/v7\/wp-json\/wp\/v2\/categories?post=5722"},{"taxonomy":"post_tag","embeddable":true,"href":"https:\/\/www.lereveil.lu\/v7\/wp-json\/wp\/v2\/tags?post=5722"}],"curies":[{"name":"wp","href":"https:\/\/api.w.org\/{rel}","templated":true}]}}